{"id":622,"date":"2024-08-15T20:37:26","date_gmt":"2024-08-15T20:37:26","guid":{"rendered":"https:\/\/urbandnagroup.com\/prensa\/?p=622"},"modified":"2024-10-29T16:21:14","modified_gmt":"2024-10-29T16:21:14","slug":"que-es-la-arquitectura-biofilica","status":"publish","type":"post","link":"https:\/\/urbandnagroup.com\/prensa\/que-es-la-arquitectura-biofilica\/","title":{"rendered":"\u00bfQu\u00e9 es la arquitectura biof\u00edlica?"},"content":{"rendered":"\t\t<div data-elementor-type=\"wp-post\" data-elementor-id=\"622\" class=\"elementor elementor-622\" data-elementor-post-type=\"post\">\n\t\t\t\t<div class=\"elementor-element elementor-element-650c7bb8 e-flex e-con-boxed e-con e-parent\" data-id=\"650c7bb8\" data-element_type=\"container\" data-settings=\"{&quot;background_background&quot;:&quot;classic&quot;}\">\n\t\t\t\t\t<div class=\"e-con-inner\">\n\t\t\t\t<div class=\"elementor-element elementor-element-3d362257 elementor-widget elementor-widget-theme-post-title elementor-page-title elementor-widget-heading\" data-id=\"3d362257\" data-element_type=\"widget\" data-widget_type=\"theme-post-title.default\">\n\t\t\t\t<div class=\"elementor-widget-container\">\n\t\t\t<h1 class=\"elementor-heading-title elementor-size-default\">\u00bfQu\u00e9 es la arquitectura biof\u00edlica?<\/h1>\t\t<\/div>\n\t\t\t\t<\/div>\n\t\t\t\t\t<\/div>\n\t\t\t\t<\/div>\n\t\t<div class=\"elementor-element elementor-element-344ebdfd e-flex e-con-boxed e-con e-parent\" data-id=\"344ebdfd\" data-element_type=\"container\" data-settings=\"{&quot;background_background&quot;:&quot;classic&quot;}\">\n\t\t\t\t\t<div class=\"e-con-inner\">\n\t\t\t\t<div class=\"elementor-element elementor-element-2e0a8760 elementor-icon-list--layout-traditional elementor-list-item-link-full_width elementor-widget elementor-widget-icon-list\" data-id=\"2e0a8760\" data-element_type=\"widget\" data-widget_type=\"icon-list.default\">\n\t\t\t\t<div class=\"elementor-widget-container\">\n\t\t\t\t\t<ul class=\"elementor-icon-list-items\">\n\t\t\t\t\t\t\t<li class=\"elementor-icon-list-item\">\n\t\t\t\t\t\t\t\t\t\t\t<span class=\"elementor-icon-list-icon\">\n\t\t\t\t\t\t\t<svg aria-hidden=\"true\" class=\"e-font-icon-svg e-far-user\" viewBox=\"0 0 448 512\" xmlns=\"http:\/\/www.w3.org\/2000\/svg\"><path d=\"M313.6 304c-28.7 0-42.5 16-89.6 16-47.1 0-60.8-16-89.6-16C60.2 304 0 364.2 0 438.4V464c0 26.5 21.5 48 48 48h352c26.5 0 48-21.5 48-48v-25.6c0-74.2-60.2-134.4-134.4-134.4zM400 464H48v-25.6c0-47.6 38.8-86.4 86.4-86.4 14.6 0 38.3 16 89.6 16 51.7 0 74.9-16 89.6-16 47.6 0 86.4 38.8 86.4 86.4V464zM224 288c79.5 0 144-64.5 144-144S303.5 0 224 0 80 64.5 80 144s64.5 144 144 144zm0-240c52.9 0 96 43.1 96 96s-43.1 96-96 96-96-43.1-96-96 43.1-96 96-96z\"><\/path><\/svg>\t\t\t\t\t\t<\/span>\n\t\t\t\t\t\t\t\t\t\t<span class=\"elementor-icon-list-text\">Paula Pastrano<\/span>\n\t\t\t\t\t\t\t\t\t<\/li>\n\t\t\t\t\t\t<\/ul>\n\t\t\t\t<\/div>\n\t\t\t\t<\/div>\n\t\t\t\t<div class=\"elementor-element elementor-element-4bfbda06 elementor-icon-list--layout-traditional elementor-list-item-link-full_width elementor-widget elementor-widget-icon-list\" data-id=\"4bfbda06\" data-element_type=\"widget\" data-widget_type=\"icon-list.default\">\n\t\t\t\t<div class=\"elementor-widget-container\">\n\t\t\t\t\t<ul class=\"elementor-icon-list-items\">\n\t\t\t\t\t\t\t<li class=\"elementor-icon-list-item\">\n\t\t\t\t\t\t\t\t\t\t\t<span class=\"elementor-icon-list-icon\">\n\t\t\t\t\t\t\t<svg aria-hidden=\"true\" class=\"e-font-icon-svg e-far-calendar-check\" viewBox=\"0 0 448 512\" xmlns=\"http:\/\/www.w3.org\/2000\/svg\"><path d=\"M400 64h-48V12c0-6.627-5.373-12-12-12h-40c-6.627 0-12 5.373-12 12v52H160V12c0-6.627-5.373-12-12-12h-40c-6.627 0-12 5.373-12 12v52H48C21.49 64 0 85.49 0 112v352c0 26.51 21.49 48 48 48h352c26.51 0 48-21.49 48-48V112c0-26.51-21.49-48-48-48zm-6 400H54a6 6 0 0 1-6-6V160h352v298a6 6 0 0 1-6 6zm-52.849-200.65L198.842 404.519c-4.705 4.667-12.303 4.637-16.971-.068l-75.091-75.699c-4.667-4.705-4.637-12.303.068-16.971l22.719-22.536c4.705-4.667 12.303-4.637 16.97.069l44.104 44.461 111.072-110.181c4.705-4.667 12.303-4.637 16.971.068l22.536 22.718c4.667 4.705 4.636 12.303-.069 16.97z\"><\/path><\/svg>\t\t\t\t\t\t<\/span>\n\t\t\t\t\t\t\t\t\t\t<span class=\"elementor-icon-list-text\">14\/12\/2023<\/span>\n\t\t\t\t\t\t\t\t\t<\/li>\n\t\t\t\t\t\t<\/ul>\n\t\t\t\t<\/div>\n\t\t\t\t<\/div>\n\t\t\t\t<div class=\"elementor-element elementor-element-45699cf elementor-icon-list--layout-traditional elementor-list-item-link-full_width elementor-widget elementor-widget-icon-list\" data-id=\"45699cf\" data-element_type=\"widget\" data-widget_type=\"icon-list.default\">\n\t\t\t\t<div class=\"elementor-widget-container\">\n\t\t\t\t\t<ul class=\"elementor-icon-list-items\">\n\t\t\t\t\t\t\t<li class=\"elementor-icon-list-item\">\n\t\t\t\t\t\t\t\t\t\t\t<a href=\"https:\/\/eleconomista.com.ar\/actualidad\/que-arquitectura-biofilica-mas-simplemente-poner-plantas-proyecto-n69346\">\n\n\t\t\t\t\t\t\t\t\t\t\t\t<span class=\"elementor-icon-list-icon\">\n\t\t\t\t\t\t\t<svg aria-hidden=\"true\" class=\"e-font-icon-svg e-far-newspaper\" viewBox=\"0 0 576 512\" xmlns=\"http:\/\/www.w3.org\/2000\/svg\"><path d=\"M552 64H112c-20.858 0-38.643 13.377-45.248 32H24c-13.255 0-24 10.745-24 24v272c0 30.928 25.072 56 56 56h496c13.255 0 24-10.745 24-24V88c0-13.255-10.745-24-24-24zM48 392V144h16v248c0 4.411-3.589 8-8 8s-8-3.589-8-8zm480 8H111.422c.374-2.614.578-5.283.578-8V112h416v288zM172 280h136c6.627 0 12-5.373 12-12v-96c0-6.627-5.373-12-12-12H172c-6.627 0-12 5.373-12 12v96c0 6.627 5.373 12 12 12zm28-80h80v40h-80v-40zm-40 140v-24c0-6.627 5.373-12 12-12h136c6.627 0 12 5.373 12 12v24c0 6.627-5.373 12-12 12H172c-6.627 0-12-5.373-12-12zm192 0v-24c0-6.627 5.373-12 12-12h104c6.627 0 12 5.373 12 12v24c0 6.627-5.373 12-12 12H364c-6.627 0-12-5.373-12-12zm0-144v-24c0-6.627 5.373-12 12-12h104c6.627 0 12 5.373 12 12v24c0 6.627-5.373 12-12 12H364c-6.627 0-12-5.373-12-12zm0 72v-24c0-6.627 5.373-12 12-12h104c6.627 0 12 5.373 12 12v24c0 6.627-5.373 12-12 12H364c-6.627 0-12-5.373-12-12z\"><\/path><\/svg>\t\t\t\t\t\t<\/span>\n\t\t\t\t\t\t\t\t\t\t<span class=\"elementor-icon-list-text\">El Economista<\/span>\n\t\t\t\t\t\t\t\t\t\t\t<\/a>\n\t\t\t\t\t\t\t\t\t<\/li>\n\t\t\t\t\t\t<\/ul>\n\t\t\t\t<\/div>\n\t\t\t\t<\/div>\n\t\t\t\t<div class=\"elementor-element elementor-element-5042ef01 elementor-widget elementor-widget-text-editor\" data-id=\"5042ef01\" data-element_type=\"widget\" data-widget_type=\"text-editor.default\">\n\t\t\t\t<div class=\"elementor-widget-container\">\n\t\t\t\t\t\t\t<p><strong>Estar en contacto con la naturaleza siempre ha proporcionado paz y refugio al ser humano. La arquitectura biof\u00edlica acerca esa naturaleza a nuestra vida diaria a trav\u00e9s del hogar, la oficina, los comercios o cualquier espacio que habitemos.<\/strong>\u00a0Nos hace sentir los espacios desde las emociones.<\/p>\n<p>Este enfoque plantea mucho m\u00e1s que simplemente poner plantas en un proyecto. Busca conectar a las personas con la naturaleza en todas las dimensiones del dise\u00f1o. Va m\u00e1s all\u00e1 de las plantas, \u00e1rboles y flores. Considera aspectos como la luz natural, las vistas al aire libre, la elecci\u00f3n de materiales inspirados en la naturaleza y la incorporaci\u00f3n de elementos que evocan experiencias sensoriales naturales.<\/p>\n<p>No importa \u00fanicamente c\u00f3mo se ve, sino c\u00f3mo se siente y c\u00f3mo afecta a las personas que experimentan esos espacios.<\/p>\n<p><strong>Ciudades sostenibles<br \/>\n<\/strong><\/p>\n<p>El t\u00e9rmino biofilia fue acu\u00f1ado por\u00a0<strong>Edward Osborne Wilson<\/strong>, un bi\u00f3logo, naturalista y escritor estadounidense, que planteaba que los humanos sienten una afinidad innata por todos los seres vivos, ya sean plantas o animales, desde hace millones de a\u00f1os.<\/p>\n<p>La satisfacci\u00f3n de ese deseo vital -afirmaba Wilson- tiene la misma importancia para el ser humano que el hecho de entablar relaciones con otras personas. Hombres y mujeres encuentran paz y refugio cuando pasean entre los \u00e1rboles de un bosque o cuando miran al mar.<\/p>\n<p>De esta concepci\u00f3n del mundo nace la arquitectura biof\u00edlica, disciplina que ha llevado a muchos arquitectos a tratar de conectar sus trabajos \u00edntimamente con la naturaleza para que ambos se nutran mutuamente y se logre crear espacios y ciudades sostenibles que mejoren la calidad de vida de las personas.<\/p>\n<p>As\u00ed se alcanzan grandes beneficios, como construir viviendas menos contaminantes, ser m\u00e1s resilientes frente al cambio clim\u00e1tico y generar bienestar en los seres humanos.<\/p>\n<p><strong>Rasgos distintivos<\/strong><\/p>\n<p>La estrategia principal de este tipo de arquitectura es\u00a0<strong>incorporar las caracter\u00edsticas del mundo natural en los espacios construidos<\/strong>\u00a0(agua, vegetaci\u00f3n, luz natural, y elementos como la madera y la piedra, especialmente con sus vetas expuestas).<strong>\u00a0El uso de siluetas y formas org\u00e1nicas en lugar de l\u00edneas rectas es fundamental en los dise\u00f1os biof\u00edlicos, adem\u00e1s de establecer relaciones visuales, por ejemplo, entre la luz y la sombra.<\/strong><\/p>\n<p>Uno de los factores m\u00e1s ampliamente relacionado con el bienestar y la salud en los edificios es el efecto de las vistas a la naturaleza. En la b\u00fasqueda de la reconexi\u00f3n con los entornos naturales, la propia conexi\u00f3n visual es la primera y m\u00e1s b\u00e1sica manera de efectuarla. Las im\u00e1genes naturales se relacionan con efectos restauradores y relajantes. La utilizaci\u00f3n de cuadros de espacios naturales, por ejemplo, tienen efectos positivos en las personas.<\/p>\n<p>En esta dimensi\u00f3n tambi\u00e9n cobran importancia la mejora de la calidad del aire y la ventilaci\u00f3n, el acceso a luz natural y la presencia de vegetaci\u00f3n interior y fuentes u otros elementos que incorporen el agua en el dise\u00f1o del edificio.<\/p>\n<p>Un gran ejemplo son las paredes y techos verdes. Estas estructuras no solo agregan oportunidades visuales para conectarse con la naturaleza, sino que tambi\u00e9n mejoran el medio ambiente. Una fachada verde colocada sobre una pared existente o una \u00abpared viva\u00bb compuesta de plantas puede ayudar a reducir el efecto de isla de calor urbano.<\/p>\n<p><strong>\u00a0El dise\u00f1o biof\u00edlico en \u00e1reas urbanas exteriores puede ayudar a disminuir la temperatura del aire y as\u00ed prev\u00e9 el efecto de \u00abisla urbana\u00bb en las ciudades.<\/strong><\/p>\n<p>En clima c\u00e1lido, un techo verde act\u00faa como una masa refrescante, desviando la penetraci\u00f3n de la luz solar. En climas m\u00e1s fr\u00edos, proporciona un mayor aislamiento, lo que resulta en una menor demanda de calefacci\u00f3n.<\/p>\n<p>Todos estos beneficios nos demuestran que la arquitectura biof\u00edlica es capaz de transformar el mundo que habita en armon\u00eda con la naturaleza.<\/p>\n<p><strong>\u00a0<\/strong><\/p>\n\t\t\t\t\t\t<\/div>\n\t\t\t\t<\/div>\n\t\t\t\t<div class=\"elementor-element elementor-element-3261dc87 elementor-widget__width-initial e-transform e-transform elementor-icon-list--layout-traditional elementor-list-item-link-full_width elementor-widget elementor-widget-icon-list\" data-id=\"3261dc87\" data-element_type=\"widget\" data-settings=\"{&quot;_transform_scale_effect_hover&quot;:{&quot;unit&quot;:&quot;px&quot;,&quot;size&quot;:0.99,&quot;sizes&quot;:[]},&quot;_transform_scale_effect&quot;:{&quot;unit&quot;:&quot;px&quot;,&quot;size&quot;:&quot;&quot;,&quot;sizes&quot;:[]},&quot;_transform_scale_effect_tablet&quot;:{&quot;unit&quot;:&quot;px&quot;,&quot;size&quot;:&quot;&quot;,&quot;sizes&quot;:[]},&quot;_transform_scale_effect_mobile&quot;:{&quot;unit&quot;:&quot;px&quot;,&quot;size&quot;:&quot;&quot;,&quot;sizes&quot;:[]},&quot;_transform_scale_effect_hover_tablet&quot;:{&quot;unit&quot;:&quot;px&quot;,&quot;size&quot;:&quot;&quot;,&quot;sizes&quot;:[]},&quot;_transform_scale_effect_hover_mobile&quot;:{&quot;unit&quot;:&quot;px&quot;,&quot;size&quot;:&quot;&quot;,&quot;sizes&quot;:[]}}\" data-widget_type=\"icon-list.default\">\n\t\t\t\t<div class=\"elementor-widget-container\">\n\t\t\t\t\t<ul class=\"elementor-icon-list-items\">\n\t\t\t\t\t\t\t<li class=\"elementor-icon-list-item\">\n\t\t\t\t\t\t\t\t\t\t\t<a href=\"https:\/\/eleconomista.com.ar\/actualidad\/que-arquitectura-biofilica-mas-simplemente-poner-plantas-proyecto-n69346\" target=\"_blank\" rel=\"nofollow\">\n\n\t\t\t\t\t\t\t\t\t\t\t\t<span class=\"elementor-icon-list-icon\">\n\t\t\t\t\t\t\t<svg aria-hidden=\"true\" class=\"e-font-icon-svg e-far-arrow-alt-circle-right\" viewBox=\"0 0 512 512\" xmlns=\"http:\/\/www.w3.org\/2000\/svg\"><path d=\"M504 256C504 119 393 8 256 8S8 119 8 256s111 248 248 248 248-111 248-248zm-448 0c0-110.5 89.5-200 200-200s200 89.5 200 200-89.5 200-200 200S56 366.5 56 256zm72 20v-40c0-6.6 5.4-12 12-12h116v-67c0-10.7 12.9-16 20.5-8.5l99 99c4.7 4.7 4.7 12.3 0 17l-99 99c-7.6 7.6-20.5 2.2-20.5-8.5v-67H140c-6.6 0-12-5.4-12-12z\"><\/path><\/svg>\t\t\t\t\t\t<\/span>\n\t\t\t\t\t\t\t\t\t\t<span class=\"elementor-icon-list-text\">Link a la nota<\/span>\n\t\t\t\t\t\t\t\t\t\t\t<\/a>\n\t\t\t\t\t\t\t\t\t<\/li>\n\t\t\t\t\t\t<\/ul>\n\t\t\t\t<\/div>\n\t\t\t\t<\/div>\n\t\t\t\t<div class=\"elementor-element elementor-element-5748c77c elementor-hidden-desktop elementor-hidden-tablet elementor-hidden-mobile elementor-widget elementor-widget-theme-post-content\" data-id=\"5748c77c\" data-element_type=\"widget\" data-widget_type=\"theme-post-content.default\">\n\t\t\t\t<div class=\"elementor-widget-container\">\n\t\t\t\t\t<div data-elementor-type=\"wp-post\" data-elementor-id=\"622\" class=\"elementor elementor-622\" data-elementor-post-type=\"post\">\n\t\t\t\t<div class=\"elementor-element elementor-element-650c7bb8 e-flex e-con-boxed e-con e-parent\" data-id=\"650c7bb8\" data-element_type=\"container\" data-settings=\"{&quot;background_background&quot;:&quot;classic&quot;}\">\n\t\t\t\t\t<div class=\"e-con-inner\">\n\t\t\t\t<div class=\"elementor-element elementor-element-3d362257 elementor-widget elementor-widget-theme-post-title elementor-page-title elementor-widget-heading\" data-id=\"3d362257\" data-element_type=\"widget\" data-widget_type=\"theme-post-title.default\">\n\t\t\t\t<div class=\"elementor-widget-container\">\n\t\t\t<h1 class=\"elementor-heading-title elementor-size-default\">\u00bfQu\u00e9 es la arquitectura biof\u00edlica?<\/h1>\t\t<\/div>\n\t\t\t\t<\/div>\n\t\t\t\t\t<\/div>\n\t\t\t\t<\/div>\n\t\t<div class=\"elementor-element elementor-element-344ebdfd e-flex e-con-boxed e-con e-parent\" data-id=\"344ebdfd\" data-element_type=\"container\" data-settings=\"{&quot;background_background&quot;:&quot;classic&quot;}\">\n\t\t\t\t\t<div class=\"e-con-inner\">\n\t\t\t\t<div class=\"elementor-element elementor-element-2e0a8760 elementor-icon-list--layout-traditional elementor-list-item-link-full_width elementor-widget elementor-widget-icon-list\" data-id=\"2e0a8760\" data-element_type=\"widget\" data-widget_type=\"icon-list.default\">\n\t\t\t\t<div class=\"elementor-widget-container\">\n\t\t\t\t\t<ul class=\"elementor-icon-list-items\">\n\t\t\t\t\t\t\t<li class=\"elementor-icon-list-item\">\n\t\t\t\t\t\t\t\t\t\t\t<span class=\"elementor-icon-list-icon\">\n\t\t\t\t\t\t\t<svg aria-hidden=\"true\" class=\"e-font-icon-svg e-far-user\" viewBox=\"0 0 448 512\" xmlns=\"http:\/\/www.w3.org\/2000\/svg\"><path d=\"M313.6 304c-28.7 0-42.5 16-89.6 16-47.1 0-60.8-16-89.6-16C60.2 304 0 364.2 0 438.4V464c0 26.5 21.5 48 48 48h352c26.5 0 48-21.5 48-48v-25.6c0-74.2-60.2-134.4-134.4-134.4zM400 464H48v-25.6c0-47.6 38.8-86.4 86.4-86.4 14.6 0 38.3 16 89.6 16 51.7 0 74.9-16 89.6-16 47.6 0 86.4 38.8 86.4 86.4V464zM224 288c79.5 0 144-64.5 144-144S303.5 0 224 0 80 64.5 80 144s64.5 144 144 144zm0-240c52.9 0 96 43.1 96 96s-43.1 96-96 96-96-43.1-96-96 43.1-96 96-96z\"><\/path><\/svg>\t\t\t\t\t\t<\/span>\n\t\t\t\t\t\t\t\t\t\t<span class=\"elementor-icon-list-text\">Paula Pastrano<\/span>\n\t\t\t\t\t\t\t\t\t<\/li>\n\t\t\t\t\t\t<\/ul>\n\t\t\t\t<\/div>\n\t\t\t\t<\/div>\n\t\t\t\t<div class=\"elementor-element elementor-element-4bfbda06 elementor-icon-list--layout-traditional elementor-list-item-link-full_width elementor-widget elementor-widget-icon-list\" data-id=\"4bfbda06\" data-element_type=\"widget\" data-widget_type=\"icon-list.default\">\n\t\t\t\t<div class=\"elementor-widget-container\">\n\t\t\t\t\t<ul class=\"elementor-icon-list-items\">\n\t\t\t\t\t\t\t<li class=\"elementor-icon-list-item\">\n\t\t\t\t\t\t\t\t\t\t\t<span class=\"elementor-icon-list-icon\">\n\t\t\t\t\t\t\t<svg aria-hidden=\"true\" class=\"e-font-icon-svg e-far-calendar-check\" viewBox=\"0 0 448 512\" xmlns=\"http:\/\/www.w3.org\/2000\/svg\"><path d=\"M400 64h-48V12c0-6.627-5.373-12-12-12h-40c-6.627 0-12 5.373-12 12v52H160V12c0-6.627-5.373-12-12-12h-40c-6.627 0-12 5.373-12 12v52H48C21.49 64 0 85.49 0 112v352c0 26.51 21.49 48 48 48h352c26.51 0 48-21.49 48-48V112c0-26.51-21.49-48-48-48zm-6 400H54a6 6 0 0 1-6-6V160h352v298a6 6 0 0 1-6 6zm-52.849-200.65L198.842 404.519c-4.705 4.667-12.303 4.637-16.971-.068l-75.091-75.699c-4.667-4.705-4.637-12.303.068-16.971l22.719-22.536c4.705-4.667 12.303-4.637 16.97.069l44.104 44.461 111.072-110.181c4.705-4.667 12.303-4.637 16.971.068l22.536 22.718c4.667 4.705 4.636 12.303-.069 16.97z\"><\/path><\/svg>\t\t\t\t\t\t<\/span>\n\t\t\t\t\t\t\t\t\t\t<span class=\"elementor-icon-list-text\">14\/12\/2023<\/span>\n\t\t\t\t\t\t\t\t\t<\/li>\n\t\t\t\t\t\t<\/ul>\n\t\t\t\t<\/div>\n\t\t\t\t<\/div>\n\t\t\t\t<div class=\"elementor-element elementor-element-45699cf elementor-icon-list--layout-traditional elementor-list-item-link-full_width elementor-widget elementor-widget-icon-list\" data-id=\"45699cf\" data-element_type=\"widget\" data-widget_type=\"icon-list.default\">\n\t\t\t\t<div class=\"elementor-widget-container\">\n\t\t\t\t\t<ul class=\"elementor-icon-list-items\">\n\t\t\t\t\t\t\t<li class=\"elementor-icon-list-item\">\n\t\t\t\t\t\t\t\t\t\t\t<a href=\"https:\/\/eleconomista.com.ar\/actualidad\/que-arquitectura-biofilica-mas-simplemente-poner-plantas-proyecto-n69346\">\n\n\t\t\t\t\t\t\t\t\t\t\t\t<span class=\"elementor-icon-list-icon\">\n\t\t\t\t\t\t\t<svg aria-hidden=\"true\" class=\"e-font-icon-svg e-far-newspaper\" viewBox=\"0 0 576 512\" xmlns=\"http:\/\/www.w3.org\/2000\/svg\"><path d=\"M552 64H112c-20.858 0-38.643 13.377-45.248 32H24c-13.255 0-24 10.745-24 24v272c0 30.928 25.072 56 56 56h496c13.255 0 24-10.745 24-24V88c0-13.255-10.745-24-24-24zM48 392V144h16v248c0 4.411-3.589 8-8 8s-8-3.589-8-8zm480 8H111.422c.374-2.614.578-5.283.578-8V112h416v288zM172 280h136c6.627 0 12-5.373 12-12v-96c0-6.627-5.373-12-12-12H172c-6.627 0-12 5.373-12 12v96c0 6.627 5.373 12 12 12zm28-80h80v40h-80v-40zm-40 140v-24c0-6.627 5.373-12 12-12h136c6.627 0 12 5.373 12 12v24c0 6.627-5.373 12-12 12H172c-6.627 0-12-5.373-12-12zm192 0v-24c0-6.627 5.373-12 12-12h104c6.627 0 12 5.373 12 12v24c0 6.627-5.373 12-12 12H364c-6.627 0-12-5.373-12-12zm0-144v-24c0-6.627 5.373-12 12-12h104c6.627 0 12 5.373 12 12v24c0 6.627-5.373 12-12 12H364c-6.627 0-12-5.373-12-12zm0 72v-24c0-6.627 5.373-12 12-12h104c6.627 0 12 5.373 12 12v24c0 6.627-5.373 12-12 12H364c-6.627 0-12-5.373-12-12z\"><\/path><\/svg>\t\t\t\t\t\t<\/span>\n\t\t\t\t\t\t\t\t\t\t<span class=\"elementor-icon-list-text\">El Economista<\/span>\n\t\t\t\t\t\t\t\t\t\t\t<\/a>\n\t\t\t\t\t\t\t\t\t<\/li>\n\t\t\t\t\t\t<\/ul>\n\t\t\t\t<\/div>\n\t\t\t\t<\/div>\n\t\t\t\t<div class=\"elementor-element elementor-element-5042ef01 elementor-widget elementor-widget-text-editor\" data-id=\"5042ef01\" data-element_type=\"widget\" data-widget_type=\"text-editor.default\">\n\t\t\t\t<div class=\"elementor-widget-container\">\n\t\t\t\t\t\t\t<p><strong>Estar en contacto con la naturaleza siempre ha proporcionado paz y refugio al ser humano. La arquitectura biof\u00edlica acerca esa naturaleza a nuestra vida diaria a trav\u00e9s del hogar, la oficina, los comercios o cualquier espacio que habitemos.<\/strong>\u00a0Nos hace sentir los espacios desde las emociones.<\/p>\n<p>Este enfoque plantea mucho m\u00e1s que simplemente poner plantas en un proyecto. Busca conectar a las personas con la naturaleza en todas las dimensiones del dise\u00f1o. Va m\u00e1s all\u00e1 de las plantas, \u00e1rboles y flores. Considera aspectos como la luz natural, las vistas al aire libre, la elecci\u00f3n de materiales inspirados en la naturaleza y la incorporaci\u00f3n de elementos que evocan experiencias sensoriales naturales.<\/p>\n<p>No importa \u00fanicamente c\u00f3mo se ve, sino c\u00f3mo se siente y c\u00f3mo afecta a las personas que experimentan esos espacios.<\/p>\n<p><strong>Ciudades sostenibles<br \/>\n<\/strong><\/p>\n<p>El t\u00e9rmino biofilia fue acu\u00f1ado por\u00a0<strong>Edward Osborne Wilson<\/strong>, un bi\u00f3logo, naturalista y escritor estadounidense, que planteaba que los humanos sienten una afinidad innata por todos los seres vivos, ya sean plantas o animales, desde hace millones de a\u00f1os.<\/p>\n<p>La satisfacci\u00f3n de ese deseo vital -afirmaba Wilson- tiene la misma importancia para el ser humano que el hecho de entablar relaciones con otras personas. Hombres y mujeres encuentran paz y refugio cuando pasean entre los \u00e1rboles de un bosque o cuando miran al mar.<\/p>\n<p>De esta concepci\u00f3n del mundo nace la arquitectura biof\u00edlica, disciplina que ha llevado a muchos arquitectos a tratar de conectar sus trabajos \u00edntimamente con la naturaleza para que ambos se nutran mutuamente y se logre crear espacios y ciudades sostenibles que mejoren la calidad de vida de las personas.<\/p>\n<p>As\u00ed se alcanzan grandes beneficios, como construir viviendas menos contaminantes, ser m\u00e1s resilientes frente al cambio clim\u00e1tico y generar bienestar en los seres humanos.<\/p>\n<p><strong>Rasgos distintivos<\/strong><\/p>\n<p>La estrategia principal de este tipo de arquitectura es\u00a0<strong>incorporar las caracter\u00edsticas del mundo natural en los espacios construidos<\/strong>\u00a0(agua, vegetaci\u00f3n, luz natural, y elementos como la madera y la piedra, especialmente con sus vetas expuestas).<strong>\u00a0El uso de siluetas y formas org\u00e1nicas en lugar de l\u00edneas rectas es fundamental en los dise\u00f1os biof\u00edlicos, adem\u00e1s de establecer relaciones visuales, por ejemplo, entre la luz y la sombra.<\/strong><\/p>\n<p>Uno de los factores m\u00e1s ampliamente relacionado con el bienestar y la salud en los edificios es el efecto de las vistas a la naturaleza. En la b\u00fasqueda de la reconexi\u00f3n con los entornos naturales, la propia conexi\u00f3n visual es la primera y m\u00e1s b\u00e1sica manera de efectuarla. Las im\u00e1genes naturales se relacionan con efectos restauradores y relajantes. La utilizaci\u00f3n de cuadros de espacios naturales, por ejemplo, tienen efectos positivos en las personas.<\/p>\n<p>En esta dimensi\u00f3n tambi\u00e9n cobran importancia la mejora de la calidad del aire y la ventilaci\u00f3n, el acceso a luz natural y la presencia de vegetaci\u00f3n interior y fuentes u otros elementos que incorporen el agua en el dise\u00f1o del edificio.<\/p>\n<p>Un gran ejemplo son las paredes y techos verdes. Estas estructuras no solo agregan oportunidades visuales para conectarse con la naturaleza, sino que tambi\u00e9n mejoran el medio ambiente. Una fachada verde colocada sobre una pared existente o una \u00abpared viva\u00bb compuesta de plantas puede ayudar a reducir el efecto de isla de calor urbano.<\/p>\n<p><strong>\u00a0El dise\u00f1o biof\u00edlico en \u00e1reas urbanas exteriores puede ayudar a disminuir la temperatura del aire y as\u00ed prev\u00e9 el efecto de \u00abisla urbana\u00bb en las ciudades.<\/strong><\/p>\n<p>En clima c\u00e1lido, un techo verde act\u00faa como una masa refrescante, desviando la penetraci\u00f3n de la luz solar. En climas m\u00e1s fr\u00edos, proporciona un mayor aislamiento, lo que resulta en una menor demanda de calefacci\u00f3n.<\/p>\n<p>Todos estos beneficios nos demuestran que la arquitectura biof\u00edlica es capaz de transformar el mundo que habita en armon\u00eda con la naturaleza.<\/p>\n<p><strong>\u00a0<\/strong><\/p>\n\t\t\t\t\t\t<\/div>\n\t\t\t\t<\/div>\n\t\t\t\t<div class=\"elementor-element elementor-element-3261dc87 elementor-widget__width-initial e-transform e-transform elementor-icon-list--layout-traditional elementor-list-item-link-full_width elementor-widget elementor-widget-icon-list\" data-id=\"3261dc87\" data-element_type=\"widget\" data-settings=\"{&quot;_transform_scale_effect_hover&quot;:{&quot;unit&quot;:&quot;px&quot;,&quot;size&quot;:0.99,&quot;sizes&quot;:[]},&quot;_transform_scale_effect&quot;:{&quot;unit&quot;:&quot;px&quot;,&quot;size&quot;:&quot;&quot;,&quot;sizes&quot;:[]},&quot;_transform_scale_effect_tablet&quot;:{&quot;unit&quot;:&quot;px&quot;,&quot;size&quot;:&quot;&quot;,&quot;sizes&quot;:[]},&quot;_transform_scale_effect_mobile&quot;:{&quot;unit&quot;:&quot;px&quot;,&quot;size&quot;:&quot;&quot;,&quot;sizes&quot;:[]},&quot;_transform_scale_effect_hover_tablet&quot;:{&quot;unit&quot;:&quot;px&quot;,&quot;size&quot;:&quot;&quot;,&quot;sizes&quot;:[]},&quot;_transform_scale_effect_hover_mobile&quot;:{&quot;unit&quot;:&quot;px&quot;,&quot;size&quot;:&quot;&quot;,&quot;sizes&quot;:[]}}\" data-widget_type=\"icon-list.default\">\n\t\t\t\t<div class=\"elementor-widget-container\">\n\t\t\t\t\t<ul class=\"elementor-icon-list-items\">\n\t\t\t\t\t\t\t<li class=\"elementor-icon-list-item\">\n\t\t\t\t\t\t\t\t\t\t\t<a href=\"https:\/\/eleconomista.com.ar\/actualidad\/que-arquitectura-biofilica-mas-simplemente-poner-plantas-proyecto-n69346\" target=\"_blank\" rel=\"nofollow\">\n\n\t\t\t\t\t\t\t\t\t\t\t\t<span class=\"elementor-icon-list-icon\">\n\t\t\t\t\t\t\t<svg aria-hidden=\"true\" class=\"e-font-icon-svg e-far-arrow-alt-circle-right\" viewBox=\"0 0 512 512\" xmlns=\"http:\/\/www.w3.org\/2000\/svg\"><path d=\"M504 256C504 119 393 8 256 8S8 119 8 256s111 248 248 248 248-111 248-248zm-448 0c0-110.5 89.5-200 200-200s200 89.5 200 200-89.5 200-200 200S56 366.5 56 256zm72 20v-40c0-6.6 5.4-12 12-12h116v-67c0-10.7 12.9-16 20.5-8.5l99 99c4.7 4.7 4.7 12.3 0 17l-99 99c-7.6 7.6-20.5 2.2-20.5-8.5v-67H140c-6.6 0-12-5.4-12-12z\"><\/path><\/svg>\t\t\t\t\t\t<\/span>\n\t\t\t\t\t\t\t\t\t\t<span class=\"elementor-icon-list-text\">Link a la nota<\/span>\n\t\t\t\t\t\t\t\t\t\t\t<\/a>\n\t\t\t\t\t\t\t\t\t<\/li>\n\t\t\t\t\t\t<\/ul>\n\t\t\t\t<\/div>\n\t\t\t\t<\/div>\n\t\t\t\t\t<\/div>\n\t\t\t\t<\/div>\n\t\t<div class=\"elementor-element elementor-element-e946735 e-flex e-con-boxed e-con e-parent\" data-id=\"e946735\" data-element_type=\"container\" data-settings=\"{&quot;background_background&quot;:&quot;classic&quot;}\">\n\t\t\t\t\t<div class=\"e-con-inner\">\n\t\t\t\t<div class=\"elementor-element elementor-element-5fb3a2be elementor-author-box--image-valign-middle elementor-widget elementor-widget-author-box\" data-id=\"5fb3a2be\" data-element_type=\"widget\" data-widget_type=\"author-box.default\">\n\t\t\t\t<div class=\"elementor-widget-container\">\n\t\t\t\t\t<div class=\"elementor-author-box\">\n\t\t\t\t\t\t\t<div  class=\"elementor-author-box__avatar\">\n\t\t\t\t\t<img decoding=\"async\" src=\"https:\/\/urbandnagroup.com\/prensa\/wp-content\/uploads\/2021\/11\/paula-pastrano-300x300.jpg\" alt=\"Picture of Paula Pastrano\" loading=\"lazy\">\n\t\t\t\t<\/div>\n\t\t\t\n\t\t\t<div class=\"elementor-author-box__text\">\n\t\t\t\t\t\t\t\t\t<div >\n\t\t\t\t\t\t<h2 class=\"elementor-author-box__name\">\n\t\t\t\t\t\t\tPaula Pastrano\t\t\t\t\t\t<\/h2>\n\t\t\t\t\t<\/div>\n\t\t\t\t\n\t\t\t\t\n\t\t\t\t\t\t\t<\/div>\n\t\t<\/div>\n\t\t\t\t<\/div>\n\t\t\t\t<\/div>\n\t\t\t\t<div class=\"elementor-element elementor-element-4be4b47 elementor-post-navigation-borders-yes elementor-widget elementor-widget-post-navigation\" data-id=\"4be4b47\" data-element_type=\"widget\" data-widget_type=\"post-navigation.default\">\n\t\t\t\t<div class=\"elementor-widget-container\">\n\t\t\t\t\t<div class=\"elementor-post-navigation\">\n\t\t\t<div class=\"elementor-post-navigation__prev elementor-post-navigation__link\">\n\t\t\t\t<a href=\"https:\/\/urbandnagroup.com\/prensa\/liderar-en-tiempos-de-incertidumbre\/\" rel=\"prev\"><span class=\"post-navigation__arrow-wrapper post-navigation__arrow-prev\"><i class=\"fa fa-angle-left\" aria-hidden=\"true\"><\/i><span class=\"elementor-screen-only\">Prev<\/span><\/span><span class=\"elementor-post-navigation__link__prev\"><span class=\"post-navigation__prev--label\">NOTA ANTERIOR<\/span><span class=\"post-navigation__prev--title\">Liderar en tiempos de incertidumbre<\/span><\/span><\/a>\t\t\t<\/div>\n\t\t\t\t\t\t\t<div class=\"elementor-post-navigation__separator-wrapper\">\n\t\t\t\t\t<div class=\"elementor-post-navigation__separator\"><\/div>\n\t\t\t\t<\/div>\n\t\t\t\t\t\t<div class=\"elementor-post-navigation__next elementor-post-navigation__link\">\n\t\t\t\t<a href=\"https:\/\/urbandnagroup.com\/prensa\/el-cuidado-del-agua-prioridad-en-los-edificios-inteligentes-y-sustentables\/\" rel=\"next\"><span class=\"elementor-post-navigation__link__next\"><span class=\"post-navigation__next--label\">SIGUIENTE NOTA<\/span><span class=\"post-navigation__next--title\">El cuidado del agua: prioridad en los edificios inteligentes y sustentables<\/span><\/span><span class=\"post-navigation__arrow-wrapper post-navigation__arrow-next\"><i class=\"fa fa-angle-right\" aria-hidden=\"true\"><\/i><span class=\"elementor-screen-only\">Next<\/span><\/span><\/a>\t\t\t<\/div>\n\t\t<\/div>\n\t\t\t\t<\/div>\n\t\t\t\t<\/div>\n\t\t\t\t\t<\/div>\n\t\t\t\t<\/div>\n\t\t\t\t<\/div>\n\t\t\t\t<\/div>\n\t\t\t\t<\/div>\n\t\t\t\t\t<\/div>\n\t\t\t\t<\/div>\n\t\t<div class=\"elementor-element elementor-element-e946735 e-flex e-con-boxed e-con e-parent\" data-id=\"e946735\" data-element_type=\"container\" data-settings=\"{&quot;background_background&quot;:&quot;classic&quot;}\">\n\t\t\t\t\t<div class=\"e-con-inner\">\n\t\t\t\t<div class=\"elementor-element elementor-element-5fb3a2be elementor-author-box--image-valign-middle elementor-widget elementor-widget-author-box\" data-id=\"5fb3a2be\" data-element_type=\"widget\" data-widget_type=\"author-box.default\">\n\t\t\t\t<div class=\"elementor-widget-container\">\n\t\t\t\t\t<div class=\"elementor-author-box\">\n\t\t\t\t\t\t\t<div  class=\"elementor-author-box__avatar\">\n\t\t\t\t\t<img decoding=\"async\" src=\"https:\/\/urbandnagroup.com\/prensa\/wp-content\/uploads\/2021\/11\/paula-pastrano-300x300.jpg\" alt=\"Picture of Paula Pastrano\" loading=\"lazy\">\n\t\t\t\t<\/div>\n\t\t\t\n\t\t\t<div class=\"elementor-author-box__text\">\n\t\t\t\t\t\t\t\t\t<div >\n\t\t\t\t\t\t<h2 class=\"elementor-author-box__name\">\n\t\t\t\t\t\t\tPaula Pastrano\t\t\t\t\t\t<\/h2>\n\t\t\t\t\t<\/div>\n\t\t\t\t\n\t\t\t\t\n\t\t\t\t\t\t\t<\/div>\n\t\t<\/div>\n\t\t\t\t<\/div>\n\t\t\t\t<\/div>\n\t\t\t\t<div class=\"elementor-element elementor-element-4be4b47 elementor-post-navigation-borders-yes elementor-widget elementor-widget-post-navigation\" data-id=\"4be4b47\" data-element_type=\"widget\" data-widget_type=\"post-navigation.default\">\n\t\t\t\t<div class=\"elementor-widget-container\">\n\t\t\t\t\t<div class=\"elementor-post-navigation\">\n\t\t\t<div class=\"elementor-post-navigation__prev elementor-post-navigation__link\">\n\t\t\t\t<a href=\"https:\/\/urbandnagroup.com\/prensa\/liderar-en-tiempos-de-incertidumbre\/\" rel=\"prev\"><span class=\"post-navigation__arrow-wrapper post-navigation__arrow-prev\"><i class=\"fa fa-angle-left\" aria-hidden=\"true\"><\/i><span class=\"elementor-screen-only\">Prev<\/span><\/span><span class=\"elementor-post-navigation__link__prev\"><span class=\"post-navigation__prev--label\">NOTA ANTERIOR<\/span><span class=\"post-navigation__prev--title\">Liderar en tiempos de incertidumbre<\/span><\/span><\/a>\t\t\t<\/div>\n\t\t\t\t\t\t\t<div class=\"elementor-post-navigation__separator-wrapper\">\n\t\t\t\t\t<div class=\"elementor-post-navigation__separator\"><\/div>\n\t\t\t\t<\/div>\n\t\t\t\t\t\t<div class=\"elementor-post-navigation__next elementor-post-navigation__link\">\n\t\t\t\t<a href=\"https:\/\/urbandnagroup.com\/prensa\/el-cuidado-del-agua-prioridad-en-los-edificios-inteligentes-y-sustentables\/\" rel=\"next\"><span class=\"elementor-post-navigation__link__next\"><span class=\"post-navigation__next--label\">SIGUIENTE NOTA<\/span><span class=\"post-navigation__next--title\">El cuidado del agua: prioridad en los edificios inteligentes y sustentables<\/span><\/span><span class=\"post-navigation__arrow-wrapper post-navigation__arrow-next\"><i class=\"fa fa-angle-right\" aria-hidden=\"true\"><\/i><span class=\"elementor-screen-only\">Next<\/span><\/span><\/a>\t\t\t<\/div>\n\t\t<\/div>\n\t\t\t\t<\/div>\n\t\t\t\t<\/div>\n\t\t\t\t\t<\/div>\n\t\t\t\t<\/div>\n\t\t\t\t<\/div>\n\t\t","protected":false},"excerpt":{"rendered":"<p>La arquitectura biof\u00edlica es m\u00e1s que simplemente poner plantas en un edificio.<\/p>\n","protected":false},"author":2,"featured_media":623,"comment_status":"closed","ping_status":"closed","sticky":false,"template":"elementor_header_footer","format":"standard","meta":{"_acf_changed":false,"footnotes":""},"categories":[9],"tags":[11],"class_list":["post-622","post","type-post","status-publish","format-standard","has-post-thumbnail","hentry","category-nota-de-prensa","tag-paula-pastrano"],"acf":[],"_links":{"self":[{"href":"https:\/\/urbandnagroup.com\/prensa\/wp-json\/wp\/v2\/posts\/622","targetHints":{"allow":["GET"]}}],"collection":[{"href":"https:\/\/urbandnagroup.com\/prensa\/wp-json\/wp\/v2\/posts"}],"about":[{"href":"https:\/\/urbandnagroup.com\/prensa\/wp-json\/wp\/v2\/types\/post"}],"author":[{"embeddable":true,"href":"https:\/\/urbandnagroup.com\/prensa\/wp-json\/wp\/v2\/users\/2"}],"replies":[{"embeddable":true,"href":"https:\/\/urbandnagroup.com\/prensa\/wp-json\/wp\/v2\/comments?post=622"}],"version-history":[{"count":2,"href":"https:\/\/urbandnagroup.com\/prensa\/wp-json\/wp\/v2\/posts\/622\/revisions"}],"predecessor-version":[{"id":628,"href":"https:\/\/urbandnagroup.com\/prensa\/wp-json\/wp\/v2\/posts\/622\/revisions\/628"}],"wp:featuredmedia":[{"embeddable":true,"href":"https:\/\/urbandnagroup.com\/prensa\/wp-json\/wp\/v2\/media\/623"}],"wp:attachment":[{"href":"https:\/\/urbandnagroup.com\/prensa\/wp-json\/wp\/v2\/media?parent=622"}],"wp:term":[{"taxonomy":"category","embeddable":true,"href":"https:\/\/urbandnagroup.com\/prensa\/wp-json\/wp\/v2\/categories?post=622"},{"taxonomy":"post_tag","embeddable":true,"href":"https:\/\/urbandnagroup.com\/prensa\/wp-json\/wp\/v2\/tags?post=622"}],"curies":[{"name":"wp","href":"https:\/\/api.w.org\/{rel}","templated":true}]}}